{"id":256,"date":"2020-01-08T00:02:30","date_gmt":"2020-01-07T23:02:30","guid":{"rendered":"http:\/\/moi-positif.fr\/?p=256"},"modified":"2020-01-14T19:36:30","modified_gmt":"2020-01-14T18:36:30","slug":"comment-maitriser-les-emotions","status":"publish","type":"post","link":"https:\/\/moi-positif.fr\/index.php\/2020\/01\/08\/comment-maitriser-les-emotions\/","title":{"rendered":"Comment ma\u00eetriser les \u00e9motions ?"},"content":{"rendered":"\n<p>Un mouvement de col\u00e8re qui co\u00fbte cher\u00a0? Une peur qui emp\u00eache d\u2019avancer\u00a0? Une tristesse qui s\u2019installe et sape notre tonus\u00a0? Ou des \u00e9motions confuses qui vampirisent notre \u00e9nergie\u00a0? Si vos \u00e9motions vous pourrissent la vie, d\u00e9couvrez ici que vous pouvez en faire un atout. Voici comment ma\u00eetriser les \u00e9motions.<\/p>\n\n\n\n<h2>Deux approches, deux erreurs.<\/h2>\n\n\n\n<p>Quand on a le sentiment d\u2019\u00eatre d\u00e9pass\u00e9 par nos \u00e9motions,\nnous pouvons les r\u00e9primer ou les laisser exploser. <\/p>\n\n\n\n<p><strong>Si on choisit de laisser l&rsquo;\u00e9motion exploser<\/strong>, \u00e7a nous permet de lib\u00e9rer la tension g\u00e9n\u00e9r\u00e9e par l\u2019\u00e9motion. Toutefois, on se retrouve \u00e0 avoir fait ou dit des choses souvent difficiles \u00e0 assumer par la suite. On ne compte plus les faits divers qui ont la col\u00e8re pour cause, par exemple. <\/p>\n\n\n\n<p>C\u2019est ce qui explique que, depuis notre enfance, on nous affirme qu\u2019il faut \u00ab\u00a0savoir se tenir\u00a0\u00bb, c\u2019est-\u00e0-dire avoir assez de ma\u00eetrise de soi pour ne pas laisser para\u00eetre nos \u00e9motions. Nous apprenons \u00e0 ne laisser para\u00eetre que celles qui sont socialement acceptables, et \u00e0 les manifester de mani\u00e8re convenable, comme sauter de joie quand vous revoyez votre Tata ou verser une larme discr\u00e8te \u00e0 un enterrement. <\/p>\n\n\n\n<p>De ce discours, nous apprenons en g\u00e9n\u00e9ral qu\u2019il faut ma\u00eetriser les \u00e9motions, ce qui signifie les dominer, et nous cessons en grande partie de les exprimer.<\/p>\n\n\n\n<p><strong>Mais r\u00e9primer ses \u00e9motions est peut-\u00eatre plus toxique <\/strong>pour nous que les laisser exploser. Les \u00e9motions provoquent la lib\u00e9ration d\u2019hormones dans notre flux sanguin qui ont des effets sur des fonctions corporelles comme, par exemple, la pression sanguine ou les battements de c\u0153ur. Plus le processus se produit souvent et intens\u00e9ment, plus nous d\u00e9truisons notre sant\u00e9. On en vient \u00e0 prendre des m\u00e9dicaments pour supprimer nos \u00e9motions ou leurs manifestations.<\/p>\n\n\n\n<h2>Et en plus, on en rajoute&nbsp;!<\/h2>\n\n\n\n<p><strong>Une \u00e9motion ne dure pas plus de quelques minutes dans le corps<\/strong>. Et pourtant, elles nous envahissent l\u2019esprit souvent pendant des heures, des semaines et m\u00eame des mois. Comment font-elles pour se prolonger comme \u00e7a\u00a0?<\/p>\n\n\n\n<p>En fait, nous croyons ma\u00eetriser les \u00e9motions, mais sans nous en rendre compte, nous les aidons \u00e0 durer. Quand nous avons v\u00e9cu une \u00e9motion, et surtout lorsque nous l\u2019avons r\u00e9prim\u00e9e, nous y repensons, nous revivons la sc\u00e8ne dans notre imagination, nous revenons sur ce qui l\u2019a provoqu\u00e9e, et surtout sur qui est responsable. Bref\u00a0: <strong>nous ruminons<\/strong>. <\/p>\n\n\n\n<p>Ce faisant, <strong>nous ajoutons \u00e0 notre \u00e9motion toute une construction mentale, ce qui la transforme en sentiment<\/strong>. Le sentiment est beaucoup plus durable que l\u2019\u00e9motion. Il peut durer des ann\u00e9es, voire toute une vie, tant qu\u2019il est entretenu.<\/p>\n\n\n\n<h2>Faisons la paix avec nos \u00e9motions.<\/h2>\n\n\n\n<p>Quand nos \u00e9motions nous mettent des b\u00e2tons dans les roues, on oublie une chose essentielle\u00a0: elles existent pour nous aider et nous prot\u00e9ger. <strong>Elles ont un r\u00f4le primordial qui est d\u2019assurer notre survie.<\/strong><\/p>\n\n\n\n<p>Imaginez-vous incapable de ressentir de la peur. Vous croyez que cela ferait de vous un super-h\u00e9ro\u00a0? Sans peur, vous n\u2019\u00e9viteriez jamais aucun danger. Autant dire que vous seriez d\u00e9j\u00e0 mort.<\/p>\n\n\n\n<p>Voici les trois \u00e9tapes pr\u00e9liminaires indispensables pour faire la paix avec vos \u00e9motion :<\/p>\n\n\n\n<h4>1.Reconnaissez la l\u00e9gitimit\u00e9 de vos \u00e9motions.<\/h4>\n\n\n\n<p>Au lieu de ma\u00eetriser les \u00e9motions \u00e0 tout prix en se crispant pour tenter d&rsquo;en garder le contr\u00f4le, la premi\u00e8re chose \u00e0 faire, c\u2019est de les reconna\u00eetre comme l\u00e9gitimes. Si je ressens de la col\u00e8re, de la tristesse ou du d\u00e9go\u00fbt, c\u2019est pour une bonne raison. J\u2019ai donc le droit de ressentir cela. Autorisez votre \u00e9motion \u00e0 exister.<\/p>\n\n\n\n<h4>2. Observez ce que l&rsquo;\u00e9motion fait \u00e0 votre corps.<\/h4>\n\n\n\n<p>Lorsque vous sentez monter une \u00e9motion, prenez le temps de respirer et observez ce qu\u2019il se passe dans votre corps. Votre c\u0153ur bat-il plus vite ou plus fort&nbsp;? Vos jambes sont-elles glac\u00e9es ou au contraire, ont-elles envie de bouger&nbsp;? O\u00f9 ressentez-vous de la chaleur&nbsp;? Quelles parties de votre corps sont activ\u00e9es ou inactiv\u00e9es par l\u2019\u00e9motion&nbsp;? Une \u00e9quipe de chercheurs finlandais ont publi\u00e9 en 2013 la premi\u00e8re <a href=\"https:\/\/www.pnas.org\/content\/pnas\/early\/2013\/12\/26\/1321664111.full.pdf\">cartographie des \u00e9motions<\/a>. Vous pouvez comparer votre ressenti corporel \u00e0 leur carte.<\/p>\n\n\n\n<h4>3. Nommez votre \u00e9motion.<\/h4>\n\n\n\n<p>Une fois que vous avez clairement conscience des effets de votre \u00e9motion sur votre corps, vous pouvez la nommer. Pour vous y aider, je vous invite \u00e0 consulter la classification de Plutchik qui a \u00e9tabli la roue des \u00e9motions primaires ci-dessous.<\/p>\n\n\n\n<figure class=\"wp-block-image size-large\"><img loading=\"lazy\" width=\"720\" height=\"540\" src=\"https:\/\/i2.wp.com\/moi-positif.fr\/wp-content\/uploads\/2020\/01\/Roue-\u00e9motions.jpg?resize=720%2C540\" alt=\"\" class=\"wp-image-257\" srcset=\"https:\/\/i2.wp.com\/moi-positif.fr\/wp-content\/uploads\/2020\/01\/Roue-\u00e9motions.jpg?w=720&amp;ssl=1 720w, https:\/\/i2.wp.com\/moi-positif.fr\/wp-content\/uploads\/2020\/01\/Roue-\u00e9motions.jpg?resize=300%2C225&amp;ssl=1 300w, https:\/\/i2.wp.com\/moi-positif.fr\/wp-content\/uploads\/2020\/01\/Roue-\u00e9motions.jpg?resize=120%2C90&amp;ssl=1 120w\" sizes=\"(max-width: 720px) 100vw, 720px\" data-recalc-dims=\"1\" \/><figcaption>Roue des \u00e9motions selon Plutchik<\/figcaption><\/figure>\n\n\n\n<p>Il a \u00e9galement \u00e9tabli une liste d\u2019\u00e9motions secondaires qui combinent deux \u00e9motions primaires. Cette liste est disponible en anglais <a href=\"http:\/\/www.adliterate.com\/archives\/Plutchik.emotion.theorie.POSTER.pdf\">ici<\/a>. Par exemple, l\u2019amour est une combinaison de joie et de confiance, la jalousie combine la col\u00e8re et la tristesse.<\/p>\n\n\n\n<h2>\u00c9couter le message de nos \u00e9motions \u00e0 notre corps.<\/h2>\n\n\n\n<p>Les \u00e9motions provoquent des r\u00e9actions physiologiques qui ont\npour but de pr\u00e9parer notre corps \u00e0 une certaine action&nbsp;: courir pour fuir,\nfrapper, crier, pleurer ou sauter de joie. Comme nous l\u2019avons vu, ext\u00e9rioriser\nvotre \u00e9motion n\u2019est pas toujours socialement acceptable, donc nous la\nr\u00e9primons. <\/p>\n\n\n\n<p>Si nous voulons que nos \u00e9motions ne nous nuisent pas, il ne faut pas ignorer leur composante physique. C\u2019est pourquoi il vous sera profitable d\u2019aller courir si vous avez eu peur, par exemple, ou d\u2019aller vous cacher dans les toilettes pour crier (en silence, juste avec votre souffle), ou de frapper un coussin etc. <strong>Faites ce que votre \u00e9motion vous demande, mais dans un endroit et d\u2019une mani\u00e8re qui ne vous nuira pas.<\/strong> Cela permettra \u00e0 votre corps de revenir \u00e0 son \u00e9tat d&rsquo;\u00e9quilibre plus rapidement.<\/p>\n\n\n\n<h2>\u00c9couter le message de nos \u00e9motions \u00e0 notre esprit.<\/h2>\n\n\n\n<p><strong>Apr\u00e8s votre retour au calme, commencez \u00e0 analyser ce que votre \u00e9motion essaye de vous faire passer comme message<\/strong>. Et ce message n\u2019est pas \u00ab\u00a0mon patron est un cr\u00e9tin\u00a0!\u00a0\u00bb. Si votre patron a \u00e9t\u00e9 odieux avec vous, certes, il est responsable de son acte, mais vous seul \u00eates responsable de votre \u00e9motion. Votre \u00e9motion vous parle uniquement de vous et de vos besoins. <\/p>\n\n\n\n<p><strong>Si vous croyez que l\u2019autre est responsable de votre \u00e9motion, vous vous privez de votre responsabilit\u00e9, de votre libert\u00e9 et de votre pouvoir sur votre propre vie.<\/strong> En plus, vous mettez une \u00e9norme pression sur l\u2019autre que vous rendez responsable de votre niveau bonheur. Alors que si vous essayez de comprendre ce que votre \u00e9motion vous dit de vous, vous avez le pouvoir de changer les choses pour vous-m\u00eame.<\/p>\n\n\n\n<p><strong>Chacune de vos \u00e9motions vous r\u00e9v\u00e8le un besoin que vous avez, et qui n\u2019est pas combl\u00e9<\/strong>. Demandez-vous donc ce dont vous avez besoin. Avez-vous besoin que vos valeurs soient respect\u00e9es\u00a0? Dans ce cas, vous avez sans doute ressenti de la col\u00e8re. La peur vous parle du besoin d\u2019anticiper un danger pour vous pr\u00e9server. La tristesse vous demande de vous pr\u00e9parer \u00e0 un nouveau chapitre de votre vie o\u00f9 vous allez vous ouvrir \u00e0 de nouvelles choses. Chaque \u00e9motion a un message sp\u00e9cifique \u00e0 vous donner.<\/p>\n\n\n\n<p>Si vous ignorez son message, l\u2019\u00e9motion se repr\u00e9sentera \u00e0\nvous encore et encore. Votre corps s\u2019habituera \u00e0 lib\u00e9rer les hormones\ncorrespondantes et il le fera de plus en plus facilement et rapidement. Vous\naurez l\u2019impression de devenir hypersensible, ou hyper r\u00e9actif. Si cela dure\nlongtemps, vous aurez peut-\u00eatre l\u2019impression que c\u2019est votre humeur, ou m\u00eame\nvotre caract\u00e8re qui d\u00e9termine cela. Alors qu\u2019en fait, ces \u00e9motions font\nr\u00e9f\u00e9rence \u00e0 un besoin, un manque ou une blessure affective que vous devez\ncombler.<\/p>\n\n\n\n<h2>Comment ma\u00eetriser ses \u00e9motions&nbsp;? En bref\u2026<\/h2>\n\n\n\n<p>Ma\u00eetriser ses \u00e9motions, ce n&rsquo;est pas les contr\u00f4ler ou les r\u00e9primer. Au contraire, les ma\u00eetriser, c&rsquo;est apprendre \u00e0 vous en servir de mani\u00e8re constructive. En r\u00e9sum\u00e9 :<\/p>\n\n\n\n<ol><li><strong>Quand l\u2019\u00e9motion monte, prenez un temps pour respirer.<\/strong><\/li><li><strong>Observez ce que l\u2019\u00e9motion fait dans votre corps.<\/strong><\/li><li><strong>Nommez votre \u00e9motion.<\/strong><\/li><li><strong>D\u00e9chargez-la physiquement.<\/strong><\/li><li><strong>Cherchez \u00e0 comprendre son message.<\/strong><\/li><li><strong>Mettez des actions en place pour combler le besoin qu\u2019elle vous a d\u00e9sign\u00e9.<\/strong><\/li><\/ol>\n\n\n\n<p><strong>La joie<\/strong> est l\u2019\u00e9motion qui vous sert de boussole\u00a0: c\u2019est l\u2019\u00e9motion qui vous r\u00e9compense d\u2019avoir r\u00e9ussi \u00e0 combler vos besoins, et elle vous encourage \u00e0 continuer. C\u2019est une force qui nous pousse \u00e0 faire des choses constructives pour rechercher des exp\u00e9riences positives ou progresser vers un objectif d\u00e9fini. <\/p>\n\n\n\n<p>Je vous souhaite donc beaucoup de joie.<\/p>\n\n\n\n<p>Si vous avez aim\u00e9 cet article, vous aimerez <a href=\"http:\/\/moi-positif.fr\/index.php\/2019\/12\/12\/donner-rend-heureux\/\">Donner rend heureux<\/a>.<\/p>\n\n\n\n<p><em>Image Gerhard Gellinger Pixabay<\/em>.<\/p>\n","protected":false},"excerpt":{"rendered":"<p>Un mouvement de col\u00e8re qui co\u00fbte cher\u00a0? Une peur qui emp\u00eache d\u2019avancer\u00a0? Une tristesse qui s\u2019installe et sape notre tonus\u00a0?&hellip; <a class=\"read-more\" href=\"https:\/\/moi-positif.fr\/index.php\/2020\/01\/08\/comment-maitriser-les-emotions\/\">Continuer la lecture<\/a><\/p>\n","protected":false},"author":1,"featured_media":258,"comment_status":"open","ping_status":"open","sticky":false,"template":"","format":"standard","meta":{"spay_email":""},"categories":[43],"tags":[58,38],"yoast_head":"<!-- This site is optimized with the Yoast SEO plugin v17.8 - https:\/\/yoast.com\/wordpress\/plugins\/seo\/ -->\n<title>Comment ma\u00eetriser les \u00e9motions ? Moi Positif ! Conseils pratiques bonheur<\/title>\n<meta name=\"description\" content=\"Cessez d&#039;\u00eatre victime de vos \u00e9motions ! D\u00e9couvrez comment ma\u00eetriser les \u00e9motions pour les transformer en atout pour vous aider \u00e0 faire de meilleurs choix.\" \/>\n<meta name=\"robots\" content=\"index, follow, max-snippet:-1, max-image-preview:large, max-video-preview:-1\" \/>\n<link rel=\"canonical\" href=\"http:\/\/moi-positif.fr\/index.php\/2020\/01\/08\/comment-maitriser-les-emotions\/\" \/>\n<meta property=\"og:locale\" content=\"fr_FR\" \/>\n<meta property=\"og:type\" content=\"article\" \/>\n<meta property=\"og:title\" content=\"Comment ma\u00eetriser les \u00e9motions ? Moi Positif ! Conseils pratiques bonheur\" \/>\n<meta property=\"og:description\" content=\"Cessez d&#039;\u00eatre victime de vos \u00e9motions ! D\u00e9couvrez comment ma\u00eetriser les \u00e9motions pour les transformer en atout pour vous aider \u00e0 faire de meilleurs choix.\" \/>\n<meta property=\"og:url\" content=\"http:\/\/moi-positif.fr\/index.php\/2020\/01\/08\/comment-maitriser-les-emotions\/\" \/>\n<meta property=\"og:site_name\" content=\"Moi Positif !\" \/>\n<meta property=\"article:published_time\" content=\"2020-01-07T23:02:30+00:00\" \/>\n<meta property=\"article:modified_time\" content=\"2020-01-14T18:36:30+00:00\" \/>\n<meta property=\"og:image\" content=\"https:\/\/i0.wp.com\/moi-positif.fr\/wp-content\/uploads\/2020\/01\/Emotions-Gerhard-Gellinger-Pixabay-scaled.jpg?fit=2560%2C1688\" \/>\n\t<meta property=\"og:image:width\" content=\"2560\" \/>\n\t<meta property=\"og:image:height\" content=\"1688\" \/>\n<meta name=\"twitter:card\" content=\"summary_large_image\" \/>\n<meta name=\"twitter:label1\" content=\"\u00c9crit par\" \/>\n\t<meta name=\"twitter:data1\" content=\"St\u00e9phanie\" \/>\n\t<meta name=\"twitter:label2\" content=\"Dur\u00e9e de lecture estim\u00e9e\" \/>\n\t<meta name=\"twitter:data2\" content=\"7 minutes\" \/>\n<script type=\"application\/ld+json\" class=\"yoast-schema-graph\">{\"@context\":\"https:\/\/schema.org\",\"@graph\":[{\"@type\":\"WebSite\",\"@id\":\"http:\/\/moi-positif.fr\/#website\",\"url\":\"http:\/\/moi-positif.fr\/\",\"name\":\"Moi Positif !\",\"description\":\"Vivre heureux, d\\u00e8s maintenant !\",\"potentialAction\":[{\"@type\":\"SearchAction\",\"target\":{\"@type\":\"EntryPoint\",\"urlTemplate\":\"http:\/\/moi-positif.fr\/?s={search_term_string}\"},\"query-input\":\"required name=search_term_string\"}],\"inLanguage\":\"fr-FR\"},{\"@type\":\"ImageObject\",\"@id\":\"http:\/\/moi-positif.fr\/index.php\/2020\/01\/08\/comment-maitriser-les-emotions\/#primaryimage\",\"inLanguage\":\"fr-FR\",\"url\":\"https:\/\/i0.wp.com\/moi-positif.fr\/wp-content\/uploads\/2020\/01\/Emotions-Gerhard-Gellinger-Pixabay-scaled.jpg?fit=2560%2C1688&ssl=1\",\"contentUrl\":\"https:\/\/i0.wp.com\/moi-positif.fr\/wp-content\/uploads\/2020\/01\/Emotions-Gerhard-Gellinger-Pixabay-scaled.jpg?fit=2560%2C1688&ssl=1\",\"width\":2560,\"height\":1688,\"caption\":\"Masques \\u00e9motions\"},{\"@type\":\"WebPage\",\"@id\":\"http:\/\/moi-positif.fr\/index.php\/2020\/01\/08\/comment-maitriser-les-emotions\/#webpage\",\"url\":\"http:\/\/moi-positif.fr\/index.php\/2020\/01\/08\/comment-maitriser-les-emotions\/\",\"name\":\"Comment ma\\u00eetriser les \\u00e9motions ? Moi Positif ! Conseils pratiques bonheur\",\"isPartOf\":{\"@id\":\"http:\/\/moi-positif.fr\/#website\"},\"primaryImageOfPage\":{\"@id\":\"http:\/\/moi-positif.fr\/index.php\/2020\/01\/08\/comment-maitriser-les-emotions\/#primaryimage\"},\"datePublished\":\"2020-01-07T23:02:30+00:00\",\"dateModified\":\"2020-01-14T18:36:30+00:00\",\"author\":{\"@id\":\"http:\/\/moi-positif.fr\/#\/schema\/person\/87faa22ba5637892f574900bda1f3b13\"},\"description\":\"Cessez d'\\u00eatre victime de vos \\u00e9motions ! D\\u00e9couvrez comment ma\\u00eetriser les \\u00e9motions pour les transformer en atout pour vous aider \\u00e0 faire de meilleurs choix.\",\"breadcrumb\":{\"@id\":\"http:\/\/moi-positif.fr\/index.php\/2020\/01\/08\/comment-maitriser-les-emotions\/#breadcrumb\"},\"inLanguage\":\"fr-FR\",\"potentialAction\":[{\"@type\":\"ReadAction\",\"target\":[\"http:\/\/moi-positif.fr\/index.php\/2020\/01\/08\/comment-maitriser-les-emotions\/\"]}]},{\"@type\":\"BreadcrumbList\",\"@id\":\"http:\/\/moi-positif.fr\/index.php\/2020\/01\/08\/comment-maitriser-les-emotions\/#breadcrumb\",\"itemListElement\":[{\"@type\":\"ListItem\",\"position\":1,\"name\":\"Accueil\",\"item\":\"http:\/\/moi-positif.fr\/\"},{\"@type\":\"ListItem\",\"position\":2,\"name\":\"Comment ma\\u00eetriser les \\u00e9motions ?\"}]},{\"@type\":\"Person\",\"@id\":\"http:\/\/moi-positif.fr\/#\/schema\/person\/87faa22ba5637892f574900bda1f3b13\",\"name\":\"St\\u00e9phanie\",\"image\":{\"@type\":\"ImageObject\",\"@id\":\"http:\/\/moi-positif.fr\/#personlogo\",\"inLanguage\":\"fr-FR\",\"url\":\"https:\/\/secure.gravatar.com\/avatar\/8dc31862a26deaac5b7795618b3b581d?s=96&d=mm&r=g\",\"contentUrl\":\"https:\/\/secure.gravatar.com\/avatar\/8dc31862a26deaac5b7795618b3b581d?s=96&d=mm&r=g\",\"caption\":\"St\\u00e9phanie\"},\"url\":\"https:\/\/moi-positif.fr\/index.php\/author\/admin1139\/\"}]}<\/script>\n<!-- \/ Yoast SEO plugin. -->","yoast_head_json":{"title":"Comment ma\u00eetriser les \u00e9motions ? Moi Positif ! Conseils pratiques bonheur","description":"Cessez d'\u00eatre victime de vos \u00e9motions ! D\u00e9couvrez comment ma\u00eetriser les \u00e9motions pour les transformer en atout pour vous aider \u00e0 faire de meilleurs choix.","robots":{"index":"index","follow":"follow","max-snippet":"max-snippet:-1","max-image-preview":"max-image-preview:large","max-video-preview":"max-video-preview:-1"},"canonical":"http:\/\/moi-positif.fr\/index.php\/2020\/01\/08\/comment-maitriser-les-emotions\/","og_locale":"fr_FR","og_type":"article","og_title":"Comment ma\u00eetriser les \u00e9motions ? Moi Positif ! Conseils pratiques bonheur","og_description":"Cessez d'\u00eatre victime de vos \u00e9motions ! D\u00e9couvrez comment ma\u00eetriser les \u00e9motions pour les transformer en atout pour vous aider \u00e0 faire de meilleurs choix.","og_url":"http:\/\/moi-positif.fr\/index.php\/2020\/01\/08\/comment-maitriser-les-emotions\/","og_site_name":"Moi Positif !","article_published_time":"2020-01-07T23:02:30+00:00","article_modified_time":"2020-01-14T18:36:30+00:00","og_image":[{"width":2560,"height":1688,"url":"https:\/\/i0.wp.com\/moi-positif.fr\/wp-content\/uploads\/2020\/01\/Emotions-Gerhard-Gellinger-Pixabay-scaled.jpg?fit=2560%2C1688","type":"image\/jpeg"}],"twitter_card":"summary_large_image","twitter_misc":{"\u00c9crit par":"St\u00e9phanie","Dur\u00e9e de lecture estim\u00e9e":"7 minutes"},"schema":{"@context":"https:\/\/schema.org","@graph":[{"@type":"WebSite","@id":"http:\/\/moi-positif.fr\/#website","url":"http:\/\/moi-positif.fr\/","name":"Moi Positif !","description":"Vivre heureux, d\u00e8s maintenant !","potentialAction":[{"@type":"SearchAction","target":{"@type":"EntryPoint","urlTemplate":"http:\/\/moi-positif.fr\/?s={search_term_string}"},"query-input":"required name=search_term_string"}],"inLanguage":"fr-FR"},{"@type":"ImageObject","@id":"http:\/\/moi-positif.fr\/index.php\/2020\/01\/08\/comment-maitriser-les-emotions\/#primaryimage","inLanguage":"fr-FR","url":"https:\/\/i0.wp.com\/moi-positif.fr\/wp-content\/uploads\/2020\/01\/Emotions-Gerhard-Gellinger-Pixabay-scaled.jpg?fit=2560%2C1688&ssl=1","contentUrl":"https:\/\/i0.wp.com\/moi-positif.fr\/wp-content\/uploads\/2020\/01\/Emotions-Gerhard-Gellinger-Pixabay-scaled.jpg?fit=2560%2C1688&ssl=1","width":2560,"height":1688,"caption":"Masques \u00e9motions"},{"@type":"WebPage","@id":"http:\/\/moi-positif.fr\/index.php\/2020\/01\/08\/comment-maitriser-les-emotions\/#webpage","url":"http:\/\/moi-positif.fr\/index.php\/2020\/01\/08\/comment-maitriser-les-emotions\/","name":"Comment ma\u00eetriser les \u00e9motions ? Moi Positif ! Conseils pratiques bonheur","isPartOf":{"@id":"http:\/\/moi-positif.fr\/#website"},"primaryImageOfPage":{"@id":"http:\/\/moi-positif.fr\/index.php\/2020\/01\/08\/comment-maitriser-les-emotions\/#primaryimage"},"datePublished":"2020-01-07T23:02:30+00:00","dateModified":"2020-01-14T18:36:30+00:00","author":{"@id":"http:\/\/moi-positif.fr\/#\/schema\/person\/87faa22ba5637892f574900bda1f3b13"},"description":"Cessez d'\u00eatre victime de vos \u00e9motions ! D\u00e9couvrez comment ma\u00eetriser les \u00e9motions pour les transformer en atout pour vous aider \u00e0 faire de meilleurs choix.","breadcrumb":{"@id":"http:\/\/moi-positif.fr\/index.php\/2020\/01\/08\/comment-maitriser-les-emotions\/#breadcrumb"},"inLanguage":"fr-FR","potentialAction":[{"@type":"ReadAction","target":["http:\/\/moi-positif.fr\/index.php\/2020\/01\/08\/comment-maitriser-les-emotions\/"]}]},{"@type":"BreadcrumbList","@id":"http:\/\/moi-positif.fr\/index.php\/2020\/01\/08\/comment-maitriser-les-emotions\/#breadcrumb","itemListElement":[{"@type":"ListItem","position":1,"name":"Accueil","item":"http:\/\/moi-positif.fr\/"},{"@type":"ListItem","position":2,"name":"Comment ma\u00eetriser les \u00e9motions ?"}]},{"@type":"Person","@id":"http:\/\/moi-positif.fr\/#\/schema\/person\/87faa22ba5637892f574900bda1f3b13","name":"St\u00e9phanie","image":{"@type":"ImageObject","@id":"http:\/\/moi-positif.fr\/#personlogo","inLanguage":"fr-FR","url":"https:\/\/secure.gravatar.com\/avatar\/8dc31862a26deaac5b7795618b3b581d?s=96&d=mm&r=g","contentUrl":"https:\/\/secure.gravatar.com\/avatar\/8dc31862a26deaac5b7795618b3b581d?s=96&d=mm&r=g","caption":"St\u00e9phanie"},"url":"https:\/\/moi-positif.fr\/index.php\/author\/admin1139\/"}]}},"jetpack_featured_media_url":"https:\/\/i0.wp.com\/moi-positif.fr\/wp-content\/uploads\/2020\/01\/Emotions-Gerhard-Gellinger-Pixabay-scaled.jpg?fit=2560%2C1688&ssl=1","_links":{"self":[{"href":"https:\/\/moi-positif.fr\/index.php\/wp-json\/wp\/v2\/posts\/256"}],"collection":[{"href":"https:\/\/moi-positif.fr\/index.php\/wp-json\/wp\/v2\/posts"}],"about":[{"href":"https:\/\/moi-positif.fr\/index.php\/wp-json\/wp\/v2\/types\/post"}],"author":[{"embeddable":true,"href":"https:\/\/moi-positif.fr\/index.php\/wp-json\/wp\/v2\/users\/1"}],"replies":[{"embeddable":true,"href":"https:\/\/moi-positif.fr\/index.php\/wp-json\/wp\/v2\/comments?post=256"}],"version-history":[{"count":5,"href":"https:\/\/moi-positif.fr\/index.php\/wp-json\/wp\/v2\/posts\/256\/revisions"}],"predecessor-version":[{"id":263,"href":"https:\/\/moi-positif.fr\/index.php\/wp-json\/wp\/v2\/posts\/256\/revisions\/263"}],"wp:featuredmedia":[{"embeddable":true,"href":"https:\/\/moi-positif.fr\/index.php\/wp-json\/wp\/v2\/media\/258"}],"wp:attachment":[{"href":"https:\/\/moi-positif.fr\/index.php\/wp-json\/wp\/v2\/media?parent=256"}],"wp:term":[{"taxonomy":"category","embeddable":true,"href":"https:\/\/moi-positif.fr\/index.php\/wp-json\/wp\/v2\/categories?post=256"},{"taxonomy":"post_tag","embeddable":true,"href":"https:\/\/moi-positif.fr\/index.php\/wp-json\/wp\/v2\/tags?post=256"}],"curies":[{"name":"wp","href":"https:\/\/api.w.org\/{rel}","templated":true}]}}