{"id":284,"date":"2020-01-21T17:47:54","date_gmt":"2020-01-21T16:47:54","guid":{"rendered":"http:\/\/moi-positif.fr\/?p=284"},"modified":"2020-01-21T23:48:27","modified_gmt":"2020-01-21T22:48:27","slug":"comment-se-liberer-de-la-peur","status":"publish","type":"post","link":"https:\/\/moi-positif.fr\/index.php\/2020\/01\/21\/comment-se-liberer-de-la-peur\/","title":{"rendered":"Comment se lib\u00e9rer de la peur ?"},"content":{"rendered":"\n<p>Comme nous l\u2019avons vu dans l\u2019article pr\u00e9c\u00e9dent, <a href=\"http:\/\/moi-positif.fr\/index.php\/2020\/01\/16\/mecanismes-de-la-peur\/\">les m\u00e9canismes de la peur<\/a>, elle a pour fonction de nous prot\u00e9ger, mais elle peut aussi nous nuire. Dans ce cas, il est important de trouver comment se lib\u00e9rer de la peur.<\/p>\n\n\n\n<h2>La \u00ab&nbsp;bonne&nbsp;\u00bb peur.<\/h2>\n\n\n\n<p>Lorsque vous \u00eates en situation de danger r\u00e9el, vital et\nimminent, votre peur est sans doute la meilleure conseill\u00e8re du moment. Donc\nob\u00e9issez-lui : fuyez&nbsp;! Si vous ne pouvez pas fuir, attaquez&nbsp;! Et si\nvous ne pouvez ni fuir ni vous battre, restez sans bouger comme vous le\ncommande votre Syst\u00e8me d\u2019Inhibition \u00e0 l\u2019Action qui se d\u00e9clenche dans ce cas. Vous\nserez lib\u00e9r\u00e9 de votre peur d\u00e8s le danger aura disparu.<\/p>\n\n\n\n<p>Pourtant, la peur face \u00e0 un danger vital et imminent est relativement rare&nbsp;dans notre soci\u00e9t\u00e9. Combien de fois avez-vous \u00e9t\u00e9 poursuivi par un ours affam\u00e9, ou m\u00eame par un assassin en puissance&nbsp;?<\/p>\n\n\n\n<h2>Les peurs fond\u00e9es sur l\u2019imaginaire.<\/h2>\n\n\n\n<p>Dans l\u2019immense majorit\u00e9 des cas, nous avons peur de cons\u00e9quence imagin\u00e9es. Peur de perdre notre emploi&nbsp;? Nous voyons d\u00e9j\u00e0 la perte de notre logement, la peine de nos proches, notre d\u00e9ch\u00e9ance sociale, et nous avons peur de mourir SDF un soir d\u2019hiver sous un pont. Peur d&rsquo;une rupture sentimentale&nbsp;? Nous imaginons la solitude qui va suivre, la difficult\u00e9 du quotidien, la perte des amis communs, la peine des parents, des enfants, notre vieillesse solitaire et am\u00e8re. Peur de parler en public&nbsp;? Nous imaginons d\u00e9j\u00e0 la honte et l\u2019humiliation\u2026<\/p>\n\n\n\n<h3>Si les risques sont imaginaires, la peur, pourtant, est bien r\u00e9elle. <\/h3>\n\n\n\n<p>Qu\u2019il s\u2019agisse de la peur elle-m\u00eame ou d\u2019\u00e9motions voisines comme l\u2019anxi\u00e9t\u00e9, l\u2019angoisse ou le stress, elle nous fait souffrir et a des cons\u00e9quences importantes.<\/p>\n\n\n\n<p>Elle peut bloquer notre vie&nbsp;: nous emp\u00eacher de prendre\ndes d\u00e9cisions, nous emp\u00eacher de r\u00e9fl\u00e9chir, d\u2019agir, et m\u00eame nous obliger \u00e0\naccepter des conditions de vie insatisfaisantes, voire nuisibles. <\/p>\n\n\n\n<p>Si on la ressent sur une longue dur\u00e9e, elle nuit \u00e0 notre sant\u00e9 (<a href=\"http:\/\/www.onlinejacc.org\/content\/51\/13\/1237.abstract\">maladies cardiovasculaires<\/a>, <a href=\"https:\/\/spectrum.diabetesjournals.org\/content\/18\/2\/121.full\">diab\u00e8te<\/a>, <a href=\"http:\/\/www.santetropicale.com\/Resume\/2205.pdf\">ulc\u00e8res<\/a>, <a href=\"https:\/\/www.lanutrition.fr\/les-news\/pourquoi-le-stress-fait-vieillir-et-comment-reagir\">vieillissement<\/a>, <a href=\"https:\/\/www.annualreviews.org\/doi\/abs\/10.1146\/annurev.clinpsy.1.102803.143938\">d\u00e9pression<\/a>, baisse du syst\u00e8me immunitaire, infections, <a href=\"https:\/\/www.sciencedirect.com\/science\/article\/abs\/pii\/S1470204504015979\">cancer<\/a>).<\/p>\n\n\n\n<h3>En quoi ces peurs sont-elles toxiques&nbsp;?<\/h3>\n\n\n\n<p>La peur a de multiples facettes. Elle peut \u00eatre d\u00e9finie&nbsp;: il peut s\u2019agir de trac avant un examen, de la peur de parler en public, la peur de la foule, une phobie. Cela nous g\u00eane seulement pour r\u00e9aliser une action en particulier. <\/p>\n\n\n\n<p>Mais il s\u2019agit plus souvent de peurs diffuses dont nous sommes peu conscients&nbsp;: une sorte d\u2019ambiance d\u2019ins\u00e9curit\u00e9 qui envahit toutes les sph\u00e8res de notre vie et qui nous fait nous replier sur ce qui nous est familier, notre communaut\u00e9 proche, puis sur nous-m\u00eame.<\/p>\n\n\n\n<h4>D&rsquo;o\u00f9 viennent ces peurs ?<\/h4>\n\n\n\n<p>Nous apprenons \u00e0 craindre ce dont nous avons eu une mauvaise exp\u00e9rience, et ce que nos parents, nos amis ou notre soci\u00e9t\u00e9 craignent. De plus, nous vivons dans un <strong>climat anxiog\u00e8ne<\/strong>&nbsp;: informations dramatiques en flux continu, climat hyper comp\u00e9titif au travail, peur du manque cr\u00e9\u00e9 artificiellement par la publicit\u00e9 ou par l\u2019existence du ch\u00f4mage, peur de l\u2019autre mise en \u00e9pingle par la couverture m\u00e9diatique du terrorisme, instrumentalisation de la peur par nos politiques, etc.<\/p>\n\n\n\n<h4>La peur nous rend esclaves.<\/h4>\n\n\n\n<p>La peur fait de nous des individus <strong>dociles <\/strong>et <strong>soumis<\/strong>, chez qui elle peut entra\u00eener des comportements de <strong>l\u00e2chet\u00e9<\/strong>. Elle nous <strong>inhibe<\/strong>, nous immobilise, ce qui nous emp\u00eache d\u2019agir selon nos d\u00e9sirs. Quand on d\u00e9sire quelque chose et qu\u2019on est sanctionn\u00e9, rejet\u00e9 ou syst\u00e9matiquement emp\u00each\u00e9, on apprend \u00e0 avoir peur de ce qu\u2019on d\u00e9sire, et <a href=\"https:\/\/www.youtube.com\/watch?v=KG7O4l40khY\">notre d\u00e9sir meurt<\/a>. <strong>La peur nous prive ainsi nos r\u00eaves et nous d\u00e9poss\u00e8de de nos vies,<\/strong> \u00e0 c\u00f4t\u00e9 desquelles nous finissons par passer \u00e0 force de vouloir nous prot\u00e9ger. Par cons\u00e9quence, nous devenons frustr\u00e9s et en col\u00e8re. <\/p>\n\n\n\n<h4>La peur nous rend violents.<\/h4>\n\n\n\n<p>On se prot\u00e8ge et on s\u2019isole en cultivant des <strong>attitudes \u00e9go\u00efstes<\/strong> (tant que tout va bien pour moi, tant pis pour les autres). Il s\u2019agit l\u00e0 du comportement de fuite r\u00e9clam\u00e9 par la peur. Mais la peur r\u00e9clame aussi l\u2019attaque. Notre isolement nous am\u00e8ne \u00e0 porter des <strong>jugements <\/strong>sur les autres, et \u00e0 les <strong>condamner<\/strong>, ce qui nous permet de lib\u00e9rer sur eux notre <strong>col\u00e8re<\/strong>. La peur entra\u00eene donc aussi la <strong>violence<\/strong>, qui, \u00e0 l\u2019\u00e9chelle d\u2019une soci\u00e9t\u00e9, peut aller jusqu\u2019\u00e0 la <strong>guerre<\/strong>.<\/p>\n\n\n\n<p>Que ce soit \u00e0 notre \u00e9chelle personnelle, pour notre sant\u00e9 ou\nnotre bonheur, ou \u00e0 l\u2019\u00e9chelle de la soci\u00e9t\u00e9 ou du monde, la peur se montre extr\u00eamement\nn\u00e9faste. Elle nous prive d\u2019une vie \u00e9panouissante et de la soci\u00e9t\u00e9 bienveillante\no\u00f9 on aurait envie de la vivre. <\/p>\n\n\n\n<h2>Comment se lib\u00e9rer de la peur\u00a0?<\/h2>\n\n\n\n<p>La premi\u00e8re chose consiste \u00e0 <strong>ne pas en rajouter<\/strong>. Souvent, quand on a peur ou qu\u2019on est en \u00e9chec, on a tendance \u00e0 s\u2019en attribuer la pleine responsabilit\u00e9. On se dit \u00ab&nbsp;c\u2019est moi qui ne suis pas normal, pas comme il faut, je ne suis pas adapt\u00e9.&nbsp;\u00bb Ce faisant, on ancre la peur davantage, en y rajoutant une couche de culpabilit\u00e9. <\/p>\n\n\n\n<p>On se retrouve dans la situation d\u2019un enfant dont le parent est en col\u00e8re. Il ne peut pas douter du parent car il a trop besoin de lui pour sa survie. Donc il endosse la responsabilit\u00e9 de la situation et tente de s\u2019adapter pour contenter le parent. Par la suite, nous continuons souvent \u00e0 manifester ce comportement \u00e0 l\u2019\u00e2ge adulte. <\/p>\n\n\n\n<h4>Pour sortir de ce r\u00e9flexe, analysez la situation en adulte, avec le plus d\u2019objectivit\u00e9 possible&nbsp;:<\/h4>\n\n\n\n<ul><li>qu\u2019est-ce qui d\u00e9pend des circonstances&nbsp;?<\/li><li>qu\u2019est-ce qui d\u00e9pend des autres&nbsp;?<\/li><li>et qu\u2019est-ce qui d\u00e9pend r\u00e9ellement uniquement de moi&nbsp;?<\/li><li>Sachant que personne n\u2019est parfait, puis-je accepter d\u2019\u00eatre une personne qui ne r\u00e9ussit pas \u00e7a pour le moment&nbsp;?<\/li><li>qu\u2019est-ce que je peux faire pour que ce soit un peu mieux la prochaine fois&nbsp;?<\/li><li>quoi qu\u2019il arrive, j\u2019ai de l\u2019estime pour moi-m\u00eame. Ne suis-je pas capable de progresser&nbsp;?<\/li><li>quelles \u00e9tapes vais-je mettre en place pour atteindre progressivement le r\u00e9sultat que je souhaite&nbsp;?<\/li><li>Si je ne l&rsquo;atteins pas, est-ce si grave ?<\/li><\/ul>\n\n\n\n<p>Quand la peur nous bloque, il peut \u00eatre n\u00e9cessaire de la\nsoulager temporairement, afin de r\u00e9duire ses effets nocifs sur l\u2019organisme, et\nde reprendre un peu d\u2019\u00e9nergie pour parvenir \u00e0 se remettre en action.<\/p>\n\n\n\n<h3>Comment soulager sa peur avec des techniques\nphysiques&nbsp;?<\/h3>\n\n\n\n<h4>Activit\u00e9 physique.<\/h4>\n\n\n\n<p>La peur se manifeste dans le corps, par une s\u00e9rie de\nmodifications m\u00e9taboliques qui pr\u00e9parent \u00e0 un effort soudain. Une \u00e9motion se\nd\u00e9ploie en trois temps&nbsp;: <\/p>\n\n\n\n<ul><li>la charge&nbsp;: on per\u00e7oit l\u2019\u00e9v\u00e8nement, on l\u2019interpr\u00e8te (danger) et les hormones ad\u00e9quates sont lib\u00e9r\u00e9es dans le flux sanguin (peur).<\/li><li>La tension&nbsp;: le corps r\u00e9agit aux hormones et se pr\u00e9pare \u00e0 l\u2019action.<\/li><li>La d\u00e9charge&nbsp;: on effectue l\u2019action (fuite, attaque).<\/li><\/ul>\n\n\n\n<p>Si on ne peut pas effectuer l\u2019action requise en raison du contexte social, ou parce qu\u2019il n\u2019y a pas de pr\u00e9dateur \u00e0 affronter, il peut \u00eatre tr\u00e8s profitable de faire une activit\u00e9 physique intense comme la course, le v\u00e9lo, la natation, la boxe, etc. afin de <strong>d\u00e9charger <\/strong>la peur.<\/p>\n\n\n\n<p>Par ailleurs, l\u2019activit\u00e9 physique a aussi l\u2019avantage de permettre le d\u00e9clenchement du <strong>syst\u00e8me de r\u00e9compense<\/strong> avec la production d\u2019endorphines, et cela vient mettre fin temporairement \u00e0 la peur et provoque la d\u00e9tente et le bien-\u00eatre. Pour la m\u00eame raison, le sexe est une activit\u00e9 qui permet la d\u00e9charge de la peur et le retour \u00e0 l\u2019\u00e9tat d\u2019\u00e9quilibre.<\/p>\n\n\n\n<h4>La respiration.<\/h4>\n\n\n\n<p>Quand on a peur, la respiration devient plus rapide et se fait avec la partie haute de la poitrine. C&rsquo;est pourquoi des exercices de respiration lents, amples et profonds, avec une longue expiration, permettent de d\u00e9tendre le diaphragme et de concentrer l\u2019attention sur notre corps au lieu de l\u2019objet de la peur. Les petites vid\u00e9os de <strong><a href=\"http:\/\/moi-positif.fr\/index.php\/2019\/12\/02\/sos-anti-stress\/\">coh\u00e9rence cardiaque<\/a><\/strong> sont un bon support pour cela, de m\u00eame que les exercices de <strong>respiration ventrale<\/strong> du yoga.<\/p>\n\n\n\n<p>La <strong>relaxation<\/strong>\npermet de d\u00e9centrer l\u2019attention de l\u2019objet de la peur pour la ramener sur le\ncorps. En passant en revue chacun des groupes musculaires, elle permet de\nlocaliser les zones de tension et de les rel\u00e2cher pour cultiver une sensation\nde bien-\u00eatre.<\/p>\n\n\n\n<h4>Le plaisir physique.<\/h4>\n\n\n\n<p>Selon les m\u00e9canismes de la peur, quand le danger dispara\u00eet, le syst\u00e8me de r\u00e9compense se met en route, lib\u00e9rant des endorphines qui marquent la fin de l\u2019\u00e9pisode de peur. Il est possible de d\u00e9tourner ce syst\u00e8me en recherchant \u00e0 d\u00e9clencher le syst\u00e8me de r\u00e9compense autrement, au moyen de sensations plaisantes. Le contact avec l\u2019eau est efficace, qu\u2019il s\u2019agisse de natation, de bain chaud ou de passage aux thermes. Les massages le sont \u00e9galement, de m\u00eame que le sexe.<\/p>\n\n\n\n<h4>L\u2019alimentation.<\/h4>\n\n\n\n<p>Quand on est dans un \u00e9tat de peur, d\u2019anxi\u00e9t\u00e9, d\u2019angoisse ou de stress, il est recommand\u00e9 de <strong>limiter la consommation d\u2019excitants<\/strong> comme le caf\u00e9. De plus, une alimentation saine riche en anti-oxydants viendra soulager les effets du stress sur le vieillissement et les maladies cardiovasculaires. Certains aliments apportent des nutriments qui compensent les effets du stress. Voici quelques exemples&nbsp;:<\/p>\n\n\n\n<ul><li><strong>les bananes<\/strong>, riches en vitamines B et en potassium<\/li><li><strong>le <a href=\"https:\/\/www.pourquoidocteur.fr\/Articles\/Question-d-actu\/25415-Manger-chocolat-noir-stimule-l-humeur-l-immunite-memoire\">chocolat<\/a><\/strong>, riche en flavono\u00efdes, s\u2019av\u00e8re excellent pour la circulation sanguine, renforce le syst\u00e8me immunitaire, r\u00e9duit la destruction des neurones. Il est aussi une excellente source de tryptophane et de magn\u00e9sium, qui peuvent tous deux r\u00e9duire les sympt\u00f4mes de la d\u00e9pression <\/li><li><strong>les noix<\/strong> pour leur richesse en om\u00e9ga 3, en magn\u00e9sium et en vitamine E<\/li><li><strong>les \u0153ufs<\/strong> pour leur teneur en tryptophane et en vitamine D<\/li><\/ul>\n\n\n\n<p>De plus, l\u2019alimentation peut \u00eatre une importante <strong>source de plaisir&nbsp;<\/strong>: consommer un aliment qu\u2019on aime dans une environnement agr\u00e9able permettra de produire des endorphines qui apaiseront la peur.<\/p>\n\n\n\n<h3>Comment se soulager de la peur par des techniques\nd\u00e9rivatives&nbsp;?<\/h3>\n\n\n\n<h4>\u00catre cr\u00e9atif.<\/h4>\n\n\n\n<p>Cr\u00e9er permet de passer \u00e0 l\u2019action dans un autre domaine que celui qui nous cause de la peur. Cela permet \u00e0 la fois de <strong>d\u00e9charger <\/strong>les effets physiques de la peur \u00e0 travers l\u2019action, de <strong>d\u00e9tourner l\u2019attention<\/strong> de la peur, et de mettre en route le <strong>syst\u00e8me de r\u00e9compense<\/strong> gr\u00e2ce \u00e0 la <strong>satisfaction <\/strong>de cr\u00e9er, et \u00e9ventuellement gr\u00e2ce \u00e0 la <strong>gratification <\/strong>\u00e0 travers le regard des autres sur notre production.<\/p>\n\n\n\n<p>On peut par exemple colorier des mandalas, peindre un\ntableau, sculpter un bloc de b\u00e9ton cellulaire, cr\u00e9er une bordure de fleurs, faire\ndes photos, des vid\u00e9os, inventer une chor\u00e9graphie, fabriquer un meuble, trouver\nune solution \u00e0 un probl\u00e8me m\u00e9canique ou math\u00e9matique etc.<\/p>\n\n\n\n<h4>Mettre les choses en ordre<\/h4>\n\n\n\n<p>Ranger la maison, le bureau, trier son armoire, d\u00e9sherber le jardin, tenir son agenda \u00e0 jour sont des exemples de ce qu\u2019on peut faire pour mettre des choses en ordre. C\u2019est une activit\u00e9 qui calme la peur parce qu\u2019elle donne l\u2019impression d\u2019avoir le contr\u00f4le sur son environnement.<\/p>\n\n\n\n<h4>Rechercher le plaisir<\/h4>\n\n\n\n<p>Comme nous l\u2019avons vu, le plaisir est un antidote \u00e0 la peur&nbsp;:\nun loisir qu\u2019on aime pratiquer, \u00e9couter de la musique, aller au cin\u00e9ma, faire\nune randonn\u00e9e entre amis ou une soir\u00e9e jeux vid\u00e9os, etc.<\/p>\n\n\n\n<h4>Rire.<\/h4>\n\n\n\n<p>Rire permet de lib\u00e9rer des endorphines, m\u00eame dans le cas o\u00f9 le rire n\u2019est pas naturel. C\u2019est ainsi que certains pratiquent le <strong>yoga du rire<\/strong> pour ses effets b\u00e9n\u00e9fiques. Vous pouvez aussi regarder une com\u00e9die, faire des jeux amusants, ou chatouiller les enfants, tout ce qui peut faire rire votre entourage et vous-m\u00eame.<\/p>\n\n\n\n<p>Vous pouvez tenter de <strong>rire de ce qui vous effraye<\/strong>&nbsp;: trouvez un sketch de comique qui traite du sujet, plaisantez \u00e0 ce sujet avec vos amis ou tournez vous-m\u00eame en d\u00e9rision l\u2019objet de votre peur.<\/p>\n\n\n\n<h4>L\u2019interaction sociale.<\/h4>\n\n\n\n<p>Si on n\u2019est pas seul, on a moins peur. Recherchez donc la compagnie de vos amis ou de votre famille. Mieux&nbsp;: veillez sur eux, rendez des services, rendez quelqu\u2019un d\u2019autre heureux. La <a href=\"http:\/\/moi-positif.fr\/index.php\/2019\/12\/12\/donner-rend-heureux\/\">g\u00e9n\u00e9rosit\u00e9 <\/a>a un effet tr\u00e8s b\u00e9n\u00e9fique sur votre bien-\u00eatre. En fait, toutes les manifestations de l&rsquo;amour sont antagonistes \u00e0 la peur : l&rsquo;amiti\u00e9, le don, le soin, l&rsquo;affection, la tendresse, etc.<\/p>\n\n\n\n<h3>Comment r\u00e9gler le probl\u00e8me en profondeur ?<\/h3>\n\n\n\n<p>Toutes les techniques vues ci-dessus permettent de rel\u00e2cher la pression, de tenir le coup plus longtemps, de r\u00e9sister \u00e0 la peur en \u00e9vitant le plus possible ses effets n\u00e9gatifs sur l\u2019organisme. Mais <strong>si vous ne r\u00e9glez pas le probl\u00e8me en profondeur, votre peur r\u00e9appara\u00eetra sans cesse<\/strong>. <\/p>\n\n\n\n<p>Dans le cas o\u00f9 vos peurs sont trop violentes ou invalidantes, il vous sera utile de vous faire accompagner par un th\u00e9rapeute pour en sortir. <\/p>\n\n\n\n<p>Quand j\u2019\u00e9tais petite, comme beaucoup d\u2019enfants, j\u2019avais peur du monstre qui se cachait dans l\u2019ombre sous mon lit. J\u2019\u00e9tais t\u00e9tanis\u00e9e sur le lit et j\u2019osais \u00e0 peine respirer. Ca a dur\u00e9 jusqu\u2019au moment o\u00f9 j\u2019ai pris mon courage \u00e0 deux mains, et j\u2019ai regard\u00e9 sous le lit. A cet instant, le monstre a disparu. Et ensuite, \u00e0 chaque fois que j\u2019avais peur, je regardais sous le lit. C\u2019est ainsi que, peu \u00e0 peu, le monstre a cess\u00e9 de s\u2019y installer, et que j\u2019ai cess\u00e9 d\u2019avoir peur. <strong>Quand on regarde ses peurs en face, leur intensit\u00e9 diminue<\/strong>. Voici quelques questions \u00e0 se poser pour affronter ses peurs :<\/p>\n\n\n\n<h4>Qu\u2019est-ce que la peur me dit sur ma situation&nbsp;?\nQu\u2019est-ce qu\u2019elle me demande de fuir&nbsp;?<\/h4>\n\n\n\n<p>Exemple&nbsp;: j\u2019ai peur de parler en public. Et pourtant,\nc\u2019est n\u00e9cessaire pour pouvoir avoir une promotion. La peur me demande-t-elle de\nfuir les situations o\u00f9 je vais \u00eatre \u00e9valu\u00e9 par un public&nbsp;? Cela signifie\nque je ne me trouve pas dans une situation o\u00f9 mon besoin de s\u00e9curit\u00e9 est\nrespect\u00e9. Suis-je dans une culture d\u2019entreprise hyper comp\u00e9titive o\u00f9 on guette la\nmoindre erreur&nbsp;? Ou ai-je une blessure d\u2019amour propre ancienne qu\u2019il est\ntemps de d\u00e9passer ? Peut-\u00eatre qu\u2019au fond, je ne veux pas de cette promotion\nparce qu\u2019elle va me demander de sacrifier ma vie de famille&nbsp;?<\/p>\n\n\n\n<h4>Qu\u2019est-ce que cette peur me dit sur mes besoins&nbsp;?\nComment puis-je les satisfaire&nbsp;?<\/h4>\n\n\n\n<p>Si j\u2019ai peur de parler en public, je peux avoir besoin de le faire pour avoir une promotion, ou besoin de contribuer \u00e0 un d\u00e9bat qui me tien \u00e0 c\u0153ur. Je ressens aussi un besoin de s\u00e9curit\u00e9 par rapport au jugement des autres. Je peux satisfaire mon besoin de s\u00e9curit\u00e9 en prenant la parole devant un groupe d\u2019amis, ou en r\u00e9p\u00e9tant mon intervention avant, ou encore en d\u00e9veloppant ma confiance en moi, par exemple.<\/p>\n\n\n\n<h4>Qu\u2019est-ce qu\u2019il y a dans mon esprit qui permet cette\npeur&nbsp;? Quelles sont mes croyances par rapport \u00e0 cette situation&nbsp;?<\/h4>\n\n\n\n<p>La peur n\u2019est pas dans la situation mais dans l\u2019esprit de celui qui y est confront\u00e9.<\/p>\n\n\n\n<p>Exemple&nbsp;: j\u2019ai peur de parler en public. Ce qui permet\ncette peur, c\u2019est que je crois que je ne suis pas capable de faire une bonne\nprestation, et que c\u2019est dramatique de me ridiculiser en public. Pour moi, \u00eatre\nridicule, c\u2019est risquer d\u2019\u00eatre rejet\u00e9, d\u2019\u00eatre exclu du groupe, ce qui me met en\ndanger de mort (en tout cas, c\u2019\u00e9tait le cas quand j\u2019\u00e9tais un jeune enfant). Ma\ncroyance, c\u2019est qu\u2019\u00eatre rejet\u00e9, c\u2019est risquer de mourir.<\/p>\n\n\n\n<h4>Comment changer les croyances limitantes responsables de ma\npeur&nbsp;?<\/h4>\n\n\n\n<p>La premi\u00e8re \u00e9tape est de parvenir \u00e0 <strong>en prendre conscience<\/strong>. Pour cela, \u00e9coutez attentivement votre <strong>discours int\u00e9rieur<\/strong> au sujet de votre peur. Est-ce que vous avez des petites phrases qui vous viennent \u00e0 l\u2019esprit ou que vous dites \u00e0 haute voix comme si c\u2019\u00e9tait une \u00e9vidence ou une g\u00e9n\u00e9ralit\u00e9&nbsp;? Souvent, elles contiennent des mots comme&nbsp;: toujours, jamais, personne, tout le monde, je suis trop, je ne suis pas assez, je suis incapable\u2026<\/p>\n\n\n\n<p>Exemple&nbsp;: je suis incapable de parler en public.<\/p>\n\n\n\n<h4>Cherchez des exemples o\u00f9 cette affirmation s\u2019est montr\u00e9e fausse.<\/h4>\n\n\n\n<p>Au dernier grand repas de famille, j\u2019ai fait tout un discours pour expliquer pourquoi le PSG allait remporter le championnat. J&rsquo;ai donc \u00e9t\u00e9 capable de parler en public.<\/p>\n\n\n\n<h4>Puis demandez-vous quel b\u00e9n\u00e9fice vous tirez de conserver cette croyance.<\/h4>\n\n\n\n<p>Exemple&nbsp;: Croire que je ne suis pas capable de parler en public me permet d\u2019\u00e9viter le risque d\u2019\u00eatre \u00e9valu\u00e9, voire ridiculis\u00e9 et rejet\u00e9. <\/p>\n\n\n\n<h4>Comment pouvez-vous vous prot\u00e9ger de ce risque sans vous cacher derri\u00e8re cette croyance&nbsp;? <\/h4>\n\n\n\n<p>En vous entra\u00eenant, ou en faisant le clown pour faire rire expr\u00e8s, peut-\u00eatre.<\/p>\n\n\n\n<h4>Pouvez-vous remplacer cette croyance limitante par une croyance qui vous aide&nbsp;?<\/h4>\n\n\n\n<p>Etre ridicule, \u00e7a n\u2019as jamais tu\u00e9 personne. Je suis plus fort que cela.<\/p>\n\n\n\n<h3>Passez \u00e0 l&rsquo;action.<\/h3>\n\n\n\n<p>Ensuite, c\u2019est l\u2019exp\u00e9rience qui fait changer la croyance.\nElle permet la mise en place d\u2019un nouveau chemin neuronal. Mais agir quand on a\npeur, c\u2019est difficile. Trois techniques peuvent vous aider&nbsp;:<\/p>\n\n\n\n<h4>Envisagez le pire.<\/h4>\n\n\n\n<p>Si on envisage le pire et qu&rsquo;on constate que le danger n&rsquo;est pas vital, qu&rsquo;on est capable de g\u00e9rer cette situation, et que ses cons\u00e9quences ne sont pas aussi dramatiques que nous l&rsquo;imaginions, nous cessons d&rsquo;en avoir peur.<\/p>\n\n\n\n<p>Par exemple, \u00e0 pr\u00e9sent que je suis adulte, qu\u2019est-ce que je risque si je suis rejet\u00e9&nbsp;? Vais-je en mourir&nbsp;? Si je r\u00e9fl\u00e9chis, je vais m\u2019apercevoir que ce n\u2019est pas si grave, et que j\u2019ai les capacit\u00e9s n\u00e9cessaires pour faire face \u00e0 cette situation.<\/p>\n\n\n\n<h4>Profiter d&rsquo;un sursaut d&rsquo;\u00e9nergie pour affronter sa peur.<\/h4>\n\n\n\n<p>On peut <strong>profiter d\u2019un moment o\u00f9 on a soulag\u00e9 temporairement sa peur<\/strong> gr\u00e2ce par exemple au soutien de nos proches, ou \u00e0 un succ\u00e8s dans un autre domaine, <strong>pour affronter la situation<\/strong> probl\u00e9matique. <\/p>\n\n\n\n<p>Par exemple&nbsp;: je viens de r\u00e9ussir \u00e0 terminer un semi marathon, je suis tr\u00e8s fier de moi. Je profite de cette \u00e9nergie pour prendre la parole en public lors de la r\u00e9union de service lundi matin.<\/p>\n\n\n\n<h4>La technique du plus petit pas possible.<\/h4>\n\n\n\n<p>On peut avancer en faisant <strong>le plus petit pas possible<\/strong>. Pour cela, il faut r\u00e9fl\u00e9chir aux \u00e9tapes \u00e0 franchir pour vaincre notre peur, puis les diviser en tr\u00e8s petits pas. Choisissez le plus facile et le moins co\u00fbteux en \u00e9nergie, et faites-le en premier. <\/p>\n\n\n\n<p>Le premier pas peut \u00eatre de faire une <strong>visualisation<\/strong> o\u00f9 je m\u2019imagine en train de faire ce qui me fait peur, avec plaisir. On peut se faire aider par quelques s\u00e9ances <strong>d\u2019hypnose<\/strong>. Fort de ce succ\u00e8s, choisissez le second pas le moins difficile, et faites-le. \u00c7a peut \u00eatre de <strong>faire des r\u00e9p\u00e9titions ou des entra\u00eenements<\/strong>, sans public. Ensuite, faites le petit pas suivant, et le suivant, et ainsi de suite jusqu\u2019\u00e0 ce que vous arriviez au r\u00e9sultat recherch\u00e9.<\/p>\n\n\n\n<p>La r\u00e9alisatrice Marine Billet laisse un touchant t\u00e9moignage vid\u00e9o de son usage de cette technique <a href=\"https:\/\/www.youtube.com\/watch?v=Phj0Hd32hWQ\">ici<\/a>. Dur\u00e9e : 15 minutes.<\/p>\n\n\n\n<h2>Conclusion.<\/h2>\n\n\n\n<p><strong>Le seul v\u00e9ritable\nrem\u00e8de \u00e0 la peur, c\u2019est l\u2019action<\/strong>.&nbsp; On\ncroit g\u00e9n\u00e9ralement qu\u2019il faut \u00e9radiquer la peur pour pouvoir passer \u00e0 l\u2019action.\nAlors que c\u2019est l\u2019action qui lib\u00e8re de la peur. <\/p>\n\n\n\n<p>Agir malgr\u00e9 la peur demande du courage. Le courage est une\nqualit\u00e9 qui se cultive. A chaque fois qu\u2019on agit malgr\u00e9 notre peur, on fait\ngrandir notre courage, et on devient davantage capable d\u2019affronter d\u2019autres\npeurs.<\/p>\n\n\n\n<p>Si vous voulez vivre votre vie librement, c\u2019est-\u00e0-dire sans \u00eatre prisonnier de la peur, demandez-vous \u00ab&nbsp;<strong>qu\u2019est-ce que je ferais si je n\u2019avais pas peur&nbsp;?<\/strong>&nbsp;\u00bb, et ensuite <strong>faites-le<\/strong>.<\/p>\n\n\n\n<p>Si je n\u2019avais pas peur, je serais plus actif, cr\u00e9atif, confiant, bienveillant, g\u00e9n\u00e9reux, ouvert. Si, \u00e0 l\u2019\u00e9chelle de notre soci\u00e9t\u00e9, nous \u00e9tions nombreux \u00e0 avoir le courage d\u2019\u00eatre ainsi, malgr\u00e9 notre peur, imaginez un instant quelle vie nous pourrions vivre, et offrir \u00e0 nos enfants.<\/p>\n\n\n\n<p>Alors\u2026 restez positifs&nbsp;!<\/p>\n\n\n\n<p>Si vous avez aim\u00e9 cet article, vous aimerez peut-\u00eatre <a href=\"http:\/\/moi-positif.fr\/index.php\/2020\/01\/08\/comment-maitriser-les-emotions\/\">Comment ma\u00eetriser ses \u00e9motions<\/a>.<\/p>\n\n\n\n<p><em>Image par Johannes Plenio de Pixabay.<\/em><\/p>\n","protected":false},"excerpt":{"rendered":"<p>Comme nous l\u2019avons vu dans l\u2019article pr\u00e9c\u00e9dent, les m\u00e9canismes de la peur, elle a pour fonction de nous prot\u00e9ger, mais&hellip; <a class=\"read-more\" href=\"https:\/\/moi-positif.fr\/index.php\/2020\/01\/21\/comment-se-liberer-de-la-peur\/\">Continuer la lecture<\/a><\/p>\n","protected":false},"author":1,"featured_media":285,"comment_status":"open","ping_status":"open","sticky":false,"template":"","format":"standard","meta":{"spay_email":""},"categories":[43],"tags":[58,39,59,38],"yoast_head":"<!-- This site is optimized with the Yoast SEO plugin v17.8 - https:\/\/yoast.com\/wordpress\/plugins\/seo\/ -->\n<title>Comment se lib\u00e9rer de la peur ? Moi Positif ! Conseils pratiques bonheur<\/title>\n<meta name=\"description\" content=\"Comment se lib\u00e9rer de la peur ? La comprendre permet de mieux la combattre. Vous trouverez ici les m\u00e9thodes qui marchent pour vous aider.\" \/>\n<meta name=\"robots\" content=\"index, follow, max-snippet:-1, max-image-preview:large, max-video-preview:-1\" \/>\n<link rel=\"canonical\" href=\"http:\/\/moi-positif.fr\/index.php\/2020\/01\/21\/comment-se-liberer-de-la-peur\/\" \/>\n<meta property=\"og:locale\" content=\"fr_FR\" \/>\n<meta property=\"og:type\" content=\"article\" \/>\n<meta property=\"og:title\" content=\"Comment se lib\u00e9rer de la peur ? Moi Positif ! Conseils pratiques bonheur\" \/>\n<meta property=\"og:description\" content=\"Comment se lib\u00e9rer de la peur ? La comprendre permet de mieux la combattre. Vous trouverez ici les m\u00e9thodes qui marchent pour vous aider.\" \/>\n<meta property=\"og:url\" content=\"http:\/\/moi-positif.fr\/index.php\/2020\/01\/21\/comment-se-liberer-de-la-peur\/\" \/>\n<meta property=\"og:site_name\" content=\"Moi Positif !\" \/>\n<meta property=\"article:published_time\" content=\"2020-01-21T16:47:54+00:00\" \/>\n<meta property=\"article:modified_time\" content=\"2020-01-21T22:48:27+00:00\" \/>\n<meta property=\"og:image\" content=\"https:\/\/i0.wp.com\/moi-positif.fr\/wp-content\/uploads\/2020\/01\/Libert\u00e9-Johannes-Plenio-Pixabay-scaled.jpg?fit=2560%2C1706\" \/>\n\t<meta property=\"og:image:width\" content=\"2560\" \/>\n\t<meta property=\"og:image:height\" content=\"1706\" \/>\n<meta name=\"twitter:card\" content=\"summary_large_image\" \/>\n<meta name=\"twitter:label1\" content=\"\u00c9crit par\" \/>\n\t<meta name=\"twitter:data1\" content=\"St\u00e9phanie\" \/>\n\t<meta name=\"twitter:label2\" content=\"Dur\u00e9e de lecture estim\u00e9e\" \/>\n\t<meta name=\"twitter:data2\" content=\"18 minutes\" \/>\n<script type=\"application\/ld+json\" class=\"yoast-schema-graph\">{\"@context\":\"https:\/\/schema.org\",\"@graph\":[{\"@type\":\"WebSite\",\"@id\":\"http:\/\/moi-positif.fr\/#website\",\"url\":\"http:\/\/moi-positif.fr\/\",\"name\":\"Moi Positif !\",\"description\":\"Vivre heureux, d\\u00e8s maintenant !\",\"potentialAction\":[{\"@type\":\"SearchAction\",\"target\":{\"@type\":\"EntryPoint\",\"urlTemplate\":\"http:\/\/moi-positif.fr\/?s={search_term_string}\"},\"query-input\":\"required name=search_term_string\"}],\"inLanguage\":\"fr-FR\"},{\"@type\":\"ImageObject\",\"@id\":\"http:\/\/moi-positif.fr\/index.php\/2020\/01\/21\/comment-se-liberer-de-la-peur\/#primaryimage\",\"inLanguage\":\"fr-FR\",\"url\":\"https:\/\/i0.wp.com\/moi-positif.fr\/wp-content\/uploads\/2020\/01\/Libert\\u00e9-Johannes-Plenio-Pixabay-scaled.jpg?fit=2560%2C1706&ssl=1\",\"contentUrl\":\"https:\/\/i0.wp.com\/moi-positif.fr\/wp-content\/uploads\/2020\/01\/Libert\\u00e9-Johannes-Plenio-Pixabay-scaled.jpg?fit=2560%2C1706&ssl=1\",\"width\":2560,\"height\":1706,\"caption\":\"Menottes abandonn\\u00e9es dans la neige\"},{\"@type\":\"WebPage\",\"@id\":\"http:\/\/moi-positif.fr\/index.php\/2020\/01\/21\/comment-se-liberer-de-la-peur\/#webpage\",\"url\":\"http:\/\/moi-positif.fr\/index.php\/2020\/01\/21\/comment-se-liberer-de-la-peur\/\",\"name\":\"Comment se lib\\u00e9rer de la peur ? Moi Positif ! Conseils pratiques bonheur\",\"isPartOf\":{\"@id\":\"http:\/\/moi-positif.fr\/#website\"},\"primaryImageOfPage\":{\"@id\":\"http:\/\/moi-positif.fr\/index.php\/2020\/01\/21\/comment-se-liberer-de-la-peur\/#primaryimage\"},\"datePublished\":\"2020-01-21T16:47:54+00:00\",\"dateModified\":\"2020-01-21T22:48:27+00:00\",\"author\":{\"@id\":\"http:\/\/moi-positif.fr\/#\/schema\/person\/87faa22ba5637892f574900bda1f3b13\"},\"description\":\"Comment se lib\\u00e9rer de la peur ? La comprendre permet de mieux la combattre. Vous trouverez ici les m\\u00e9thodes qui marchent pour vous aider.\",\"breadcrumb\":{\"@id\":\"http:\/\/moi-positif.fr\/index.php\/2020\/01\/21\/comment-se-liberer-de-la-peur\/#breadcrumb\"},\"inLanguage\":\"fr-FR\",\"potentialAction\":[{\"@type\":\"ReadAction\",\"target\":[\"http:\/\/moi-positif.fr\/index.php\/2020\/01\/21\/comment-se-liberer-de-la-peur\/\"]}]},{\"@type\":\"BreadcrumbList\",\"@id\":\"http:\/\/moi-positif.fr\/index.php\/2020\/01\/21\/comment-se-liberer-de-la-peur\/#breadcrumb\",\"itemListElement\":[{\"@type\":\"ListItem\",\"position\":1,\"name\":\"Accueil\",\"item\":\"http:\/\/moi-positif.fr\/\"},{\"@type\":\"ListItem\",\"position\":2,\"name\":\"Comment se lib\\u00e9rer de la peur ?\"}]},{\"@type\":\"Person\",\"@id\":\"http:\/\/moi-positif.fr\/#\/schema\/person\/87faa22ba5637892f574900bda1f3b13\",\"name\":\"St\\u00e9phanie\",\"image\":{\"@type\":\"ImageObject\",\"@id\":\"http:\/\/moi-positif.fr\/#personlogo\",\"inLanguage\":\"fr-FR\",\"url\":\"https:\/\/secure.gravatar.com\/avatar\/8dc31862a26deaac5b7795618b3b581d?s=96&d=mm&r=g\",\"contentUrl\":\"https:\/\/secure.gravatar.com\/avatar\/8dc31862a26deaac5b7795618b3b581d?s=96&d=mm&r=g\",\"caption\":\"St\\u00e9phanie\"},\"url\":\"https:\/\/moi-positif.fr\/index.php\/author\/admin1139\/\"}]}<\/script>\n<!-- \/ Yoast SEO plugin. -->","yoast_head_json":{"title":"Comment se lib\u00e9rer de la peur ? Moi Positif ! Conseils pratiques bonheur","description":"Comment se lib\u00e9rer de la peur ? La comprendre permet de mieux la combattre. Vous trouverez ici les m\u00e9thodes qui marchent pour vous aider.","robots":{"index":"index","follow":"follow","max-snippet":"max-snippet:-1","max-image-preview":"max-image-preview:large","max-video-preview":"max-video-preview:-1"},"canonical":"http:\/\/moi-positif.fr\/index.php\/2020\/01\/21\/comment-se-liberer-de-la-peur\/","og_locale":"fr_FR","og_type":"article","og_title":"Comment se lib\u00e9rer de la peur ? Moi Positif ! Conseils pratiques bonheur","og_description":"Comment se lib\u00e9rer de la peur ? La comprendre permet de mieux la combattre. Vous trouverez ici les m\u00e9thodes qui marchent pour vous aider.","og_url":"http:\/\/moi-positif.fr\/index.php\/2020\/01\/21\/comment-se-liberer-de-la-peur\/","og_site_name":"Moi Positif !","article_published_time":"2020-01-21T16:47:54+00:00","article_modified_time":"2020-01-21T22:48:27+00:00","og_image":[{"width":2560,"height":1706,"url":"https:\/\/i0.wp.com\/moi-positif.fr\/wp-content\/uploads\/2020\/01\/Libert\u00e9-Johannes-Plenio-Pixabay-scaled.jpg?fit=2560%2C1706","type":"image\/jpeg"}],"twitter_card":"summary_large_image","twitter_misc":{"\u00c9crit par":"St\u00e9phanie","Dur\u00e9e de lecture estim\u00e9e":"18 minutes"},"schema":{"@context":"https:\/\/schema.org","@graph":[{"@type":"WebSite","@id":"http:\/\/moi-positif.fr\/#website","url":"http:\/\/moi-positif.fr\/","name":"Moi Positif !","description":"Vivre heureux, d\u00e8s maintenant !","potentialAction":[{"@type":"SearchAction","target":{"@type":"EntryPoint","urlTemplate":"http:\/\/moi-positif.fr\/?s={search_term_string}"},"query-input":"required name=search_term_string"}],"inLanguage":"fr-FR"},{"@type":"ImageObject","@id":"http:\/\/moi-positif.fr\/index.php\/2020\/01\/21\/comment-se-liberer-de-la-peur\/#primaryimage","inLanguage":"fr-FR","url":"https:\/\/i0.wp.com\/moi-positif.fr\/wp-content\/uploads\/2020\/01\/Libert\u00e9-Johannes-Plenio-Pixabay-scaled.jpg?fit=2560%2C1706&ssl=1","contentUrl":"https:\/\/i0.wp.com\/moi-positif.fr\/wp-content\/uploads\/2020\/01\/Libert\u00e9-Johannes-Plenio-Pixabay-scaled.jpg?fit=2560%2C1706&ssl=1","width":2560,"height":1706,"caption":"Menottes abandonn\u00e9es dans la neige"},{"@type":"WebPage","@id":"http:\/\/moi-positif.fr\/index.php\/2020\/01\/21\/comment-se-liberer-de-la-peur\/#webpage","url":"http:\/\/moi-positif.fr\/index.php\/2020\/01\/21\/comment-se-liberer-de-la-peur\/","name":"Comment se lib\u00e9rer de la peur ? Moi Positif ! Conseils pratiques bonheur","isPartOf":{"@id":"http:\/\/moi-positif.fr\/#website"},"primaryImageOfPage":{"@id":"http:\/\/moi-positif.fr\/index.php\/2020\/01\/21\/comment-se-liberer-de-la-peur\/#primaryimage"},"datePublished":"2020-01-21T16:47:54+00:00","dateModified":"2020-01-21T22:48:27+00:00","author":{"@id":"http:\/\/moi-positif.fr\/#\/schema\/person\/87faa22ba5637892f574900bda1f3b13"},"description":"Comment se lib\u00e9rer de la peur ? La comprendre permet de mieux la combattre. Vous trouverez ici les m\u00e9thodes qui marchent pour vous aider.","breadcrumb":{"@id":"http:\/\/moi-positif.fr\/index.php\/2020\/01\/21\/comment-se-liberer-de-la-peur\/#breadcrumb"},"inLanguage":"fr-FR","potentialAction":[{"@type":"ReadAction","target":["http:\/\/moi-positif.fr\/index.php\/2020\/01\/21\/comment-se-liberer-de-la-peur\/"]}]},{"@type":"BreadcrumbList","@id":"http:\/\/moi-positif.fr\/index.php\/2020\/01\/21\/comment-se-liberer-de-la-peur\/#breadcrumb","itemListElement":[{"@type":"ListItem","position":1,"name":"Accueil","item":"http:\/\/moi-positif.fr\/"},{"@type":"ListItem","position":2,"name":"Comment se lib\u00e9rer de la peur ?"}]},{"@type":"Person","@id":"http:\/\/moi-positif.fr\/#\/schema\/person\/87faa22ba5637892f574900bda1f3b13","name":"St\u00e9phanie","image":{"@type":"ImageObject","@id":"http:\/\/moi-positif.fr\/#personlogo","inLanguage":"fr-FR","url":"https:\/\/secure.gravatar.com\/avatar\/8dc31862a26deaac5b7795618b3b581d?s=96&d=mm&r=g","contentUrl":"https:\/\/secure.gravatar.com\/avatar\/8dc31862a26deaac5b7795618b3b581d?s=96&d=mm&r=g","caption":"St\u00e9phanie"},"url":"https:\/\/moi-positif.fr\/index.php\/author\/admin1139\/"}]}},"jetpack_featured_media_url":"https:\/\/i0.wp.com\/moi-positif.fr\/wp-content\/uploads\/2020\/01\/Libert\u00e9-Johannes-Plenio-Pixabay-scaled.jpg?fit=2560%2C1706&ssl=1","_links":{"self":[{"href":"https:\/\/moi-positif.fr\/index.php\/wp-json\/wp\/v2\/posts\/284"}],"collection":[{"href":"https:\/\/moi-positif.fr\/index.php\/wp-json\/wp\/v2\/posts"}],"about":[{"href":"https:\/\/moi-positif.fr\/index.php\/wp-json\/wp\/v2\/types\/post"}],"author":[{"embeddable":true,"href":"https:\/\/moi-positif.fr\/index.php\/wp-json\/wp\/v2\/users\/1"}],"replies":[{"embeddable":true,"href":"https:\/\/moi-positif.fr\/index.php\/wp-json\/wp\/v2\/comments?post=284"}],"version-history":[{"count":17,"href":"https:\/\/moi-positif.fr\/index.php\/wp-json\/wp\/v2\/posts\/284\/revisions"}],"predecessor-version":[{"id":317,"href":"https:\/\/moi-positif.fr\/index.php\/wp-json\/wp\/v2\/posts\/284\/revisions\/317"}],"wp:featuredmedia":[{"embeddable":true,"href":"https:\/\/moi-positif.fr\/index.php\/wp-json\/wp\/v2\/media\/285"}],"wp:attachment":[{"href":"https:\/\/moi-positif.fr\/index.php\/wp-json\/wp\/v2\/media?parent=284"}],"wp:term":[{"taxonomy":"category","embeddable":true,"href":"https:\/\/moi-positif.fr\/index.php\/wp-json\/wp\/v2\/categories?post=284"},{"taxonomy":"post_tag","embeddable":true,"href":"https:\/\/moi-positif.fr\/index.php\/wp-json\/wp\/v2\/tags?post=284"}],"curies":[{"name":"wp","href":"https:\/\/api.w.org\/{rel}","templated":true}]}}